{"id":4029,"date":"2020-12-17T15:09:08","date_gmt":"2020-12-17T14:09:08","guid":{"rendered":"http:\/\/www.laju-asendorf.de\/?p=4029"},"modified":"2021-03-03T19:00:35","modified_gmt":"2021-03-03T18:00:35","slug":"weihnachtsgruesse-vom-vorstand","status":"publish","type":"post","link":"https:\/\/www.laju-asendorf.de\/?p=4029","title":{"rendered":"Gr\u00fc\u00dfe vom Vorstand"},"content":{"rendered":"\n<p>Liebe Mitglieder der Landjugend Asendorf e.V. ,<\/p>\n\n\n\n<p>liebe Discofox-T\u00e4nzer*innen,<\/p>\n\n\n\n<p>liebe Rock &#8217;n&#8216; Roller*innen !<\/p>\n\n\n\n<p>Das Jahr 2020 neigt sich dem Ende und wir schauen auf ein Jahr zur\u00fcck, in dem sich die Corona-Krise von ersten Krankheitsf\u00e4llen zur globalen Herausforderung entwickelt hat. Neben dem privaten und beruflichen Umfeld wurde auch unser Vereinsleben ziemlich durcheinandergebracht. So mussten wir als Vorstand im M\u00e4rz den Tanzbetrieb vorerst einstellen. Das haben wir uns alle anders vorgestellt, aber es war dennoch richtig und konsequent.<\/p>\n\n\n\n<p>Unser Verein hat die letzten Monate dennoch insgesamt gut \u00fcberstanden. Die Mitgliederzahlen haben sich zwar ver\u00e4ndert. Die finanzielle Situation ist jedoch unver\u00e4ndert gut. Wir bedanken uns bei allen Mitgliedern und Unterst\u00fctzern herzlich f\u00fcr die Solidarit\u00e4t und die Treue zur Landjugend Asendorf e.V. .<\/p>\n\n\n\n<p>Im Jahresverlauf konnte der Tanzbetrieb &#8211; trotz anf\u00e4nglich von der Politik eingeleiteter Lockerungsma\u00dfnahmen &#8211; nicht wieder aufgenommen werden. Das f\u00fcr den Wiedereinstieg erforderliche und vom Vorstand ausgearbeitete &#8222;Hygiene- und Sicherheitskonzept zur Minimierung der Ausbreitung der Corona-Pandemie&#8220; zeigte die Vorgaben auf. Das Resultat daraus ergab Auflagen, die einfach zu hoch und f\u00fcr uns nicht umsetzbar waren.<\/p>\n\n\n\n<p>Der aktuelle Lockdown auf Grund der Pandemie ist vorerst befristet bis zum 10. Jan. 2021. Wie es danach weitergeht legt die Politik am 5. 1. 2021 fest. Auf jeden Fall m\u00fcssen wir in Betracht ziehen, dass unsere Jahreshauptversammlung, die immer am 2. Freitag im Februar des Jahres stattgefunden hat, in anderer Form und\/oder zum anderen Termin stattfindet. Hinweise werden jeweils auf unserer Homepage&nbsp;&nbsp; <strong>https:\/\/www.laju-asendorf.de<\/strong>&nbsp; ver\u00f6ffentlicht.<\/p>\n\n\n\n<p>Wir w\u00fcnschen Euch Allen trotz der bestehenden Widrigkeiten eine sch\u00f6ne Weihnachtszeit, beste Gesundheit f\u00fcr das Jahr 2021 und eine baldige R\u00fcckkehr in den regelm\u00e4\u00dfigen Tanzsport.<\/p>\n\n\n\n<p>Euer Vorstand<\/p>\n\n\n\n<p>Fredi Rajes, Stephanie Mahlst\u00e4dt, Bj\u00f6rn Holthus, Brigitte Rajes<\/p>\n","protected":false},"excerpt":{"rendered":"<p>Liebe Mitglieder der Landjugend Asendorf e.V. , liebe Discofox-T\u00e4nzer*innen, liebe Rock &#8217;n&#8216; Roller*innen ! Das Jahr 2020 neigt sich dem Ende und wir schauen auf ein Jahr zur\u00fcck, in dem sich die Corona-Krise von ersten Krankheitsf\u00e4llen zur globalen Herausforderung entwickelt hat. Neben dem privaten und beruflichen Umfeld wurde auch unser Vereinsleben ziemlich durcheinandergebracht. So mussten [&hellip;]<\/p>\n","protected":false},"author":1,"featured_media":0,"comment_status":"closed","ping_status":"closed","sticky":false,"template":"","format":"standard","meta":{"ngg_post_thumbnail":0,"footnotes":""},"categories":[1],"tags":[],"class_list":["post-4029","post","type-post","status-publish","format-standard","hentry","category-allgemein"],"_links":{"self":[{"href":"https:\/\/www.laju-asendorf.de\/index.php?rest_route=\/wp\/v2\/posts\/4029","targetHints":{"allow":["GET"]}}],"collection":[{"href":"https:\/\/www.laju-asendorf.de\/index.php?rest_route=\/wp\/v2\/posts"}],"about":[{"href":"https:\/\/www.laju-asendorf.de\/index.php?rest_route=\/wp\/v2\/types\/post"}],"author":[{"embeddable":true,"href":"https:\/\/www.laju-asendorf.de\/index.php?rest_route=\/wp\/v2\/users\/1"}],"replies":[{"embeddable":true,"href":"https:\/\/www.laju-asendorf.de\/index.php?rest_route=%2Fwp%2Fv2%2Fcomments&post=4029"}],"version-history":[{"count":3,"href":"https:\/\/www.laju-asendorf.de\/index.php?rest_route=\/wp\/v2\/posts\/4029\/revisions"}],"predecessor-version":[{"id":4048,"href":"https:\/\/www.laju-asendorf.de\/index.php?rest_route=\/wp\/v2\/posts\/4029\/revisions\/4048"}],"wp:attachment":[{"href":"https:\/\/www.laju-asendorf.de\/index.php?rest_route=%2Fwp%2Fv2%2Fmedia&parent=4029"}],"wp:term":[{"taxonomy":"category","embeddable":true,"href":"https:\/\/www.laju-asendorf.de\/index.php?rest_route=%2Fwp%2Fv2%2Fcategories&post=4029"},{"taxonomy":"post_tag","embeddable":true,"href":"https:\/\/www.laju-asendorf.de\/index.php?rest_route=%2Fwp%2Fv2%2Ftags&post=4029"}],"curies":[{"name":"wp","href":"https:\/\/api.w.org\/{rel}","templated":true}]}}