{"id":4038,"date":"2021-01-25T12:12:01","date_gmt":"2021-01-25T11:12:01","guid":{"rendered":"http:\/\/www.laju-asendorf.de\/?p=4038"},"modified":"2021-01-25T12:13:51","modified_gmt":"2021-01-25T11:13:51","slug":"unsere-mitgliederversammlung-informationen-zum-coronavirus","status":"publish","type":"post","link":"https:\/\/www.laju-asendorf.de\/?p=4038","title":{"rendered":"-Unsere Mitgliederversammlung -Informationen zum Coronavirus"},"content":{"rendered":"\n<ul class=\"wp-block-list\"><li><\/li><\/ul>\n\n\n\n<p>Das Coronavirus stellt unser gesellschaftliches Miteinander derzeit sehr auf die Probe.<br>Wie alle hoffen wir, dass sich die Situation schnellstm\u00f6glich entspannt und dazu m\u00f6chten auch wir weiterhin unseren Beitrag leisten. Mit diesem Schreiben informieren wir dich \u00fcber die aktuelle Situation bei uns im Verein.<br>Unsere turnusgem\u00e4\u00df am 2. Freitag im Februar eines jeden Jahres stattfindende Jahreshauptversammlung wird verschoben und erst dann stattfinden, wenn wieder Versammlungen mit pers\u00f6nlicher Anwesenheit erlaubt und geboten sind.<br>Die Nieders\u00e4chsische Landjugend war zwar bereit, uns f\u00fcr die Versammlung einen kostenfreien Zugang zum dort vorhandenen Zoom-Portal zu erm\u00f6glichen, aber unsere in der Fl\u00e4che unzureichend vorhandene Internetanbindung l\u00e4sst derzeit noch nicht die Teilnahme aller Mitglieder zu. Weiterhin m\u00fcssen bei einer virtuellen Versammlung alle in der Versammlung gefassten Beschl\u00fcsse auch rechtswirksam und DSGVO konform gefasst worden sein. Allein diese aufgef\u00fchrten Punkte sind von besonderer Bedeutung, wenn gefasste Beschl\u00fcsse ins Vereinsregister eingetragen werden m\u00fcssen.<br>Damit wir uns nicht der Gefahr aussetzen, eine durchgef\u00fchrte Jahreshauptversammlung auf Grund nicht rechtswirksam gefasster Beschl\u00fcsse wiederholen zu m\u00fcssen, verschieben wir die Versammlung lieber auf einen sp\u00e4teren Zeitpunkt. Diese Verschiebung hat keine negativen Auswirkungen auf unseren Verein, zumal die Satzung nur eine Mitgliederversammlung im Jahr vorschreibt und ein gew\u00e4hlter Vorstand bis zur Neuwahl im Amt bleibt.<br>Au\u00dferdem erfolgte bereits eine Kassenpr\u00fcfung unter Corona-Bedingungen, die als Ergebnis die Entlastung des Vorstandes vorschl\u00e4gt. Da sich daraus auch kein Erfordernis zu einer Ver\u00e4nderung des Mitgliedsbeitrages ergibt, wird der bisherige Jahresbeitrag von 17,&#8211;\u20ac zum 1.4.21 eingezogen.<br>Wir w\u00fcnschen Euch Allen trotz der bestehenden Widrigkeiten alles Gute f\u00fcr die Zukunft, bleibt gesund und bleibt der Landjugend Asendorf e.V. erhalten, damit zu gegebener Zeit alle Aktivit\u00e4ten wieder anlaufen k\u00f6nnen.<br>Der Vorstand<\/p>\n\n\n\n<p>-Fredi Rajes-     -Stefanie Mahlst\u00e4dt-     -Bj\u00f6rn Holthus-     -Brigitte Rajes-<\/p>\n","protected":false},"excerpt":{"rendered":"<p>Das Coronavirus stellt unser gesellschaftliches Miteinander derzeit sehr auf die Probe.Wie alle hoffen wir, dass sich die Situation schnellstm\u00f6glich entspannt und dazu m\u00f6chten auch wir weiterhin unseren Beitrag leisten. Mit diesem Schreiben informieren wir dich \u00fcber die aktuelle Situation bei uns im Verein.Unsere turnusgem\u00e4\u00df am 2. Freitag im Februar eines jeden Jahres stattfindende Jahreshauptversammlung wird [&hellip;]<\/p>\n","protected":false},"author":1,"featured_media":0,"comment_status":"closed","ping_status":"closed","sticky":false,"template":"","format":"standard","meta":{"ngg_post_thumbnail":0,"footnotes":""},"categories":[1],"tags":[],"class_list":["post-4038","post","type-post","status-publish","format-standard","hentry","category-allgemein"],"_links":{"self":[{"href":"https:\/\/www.laju-asendorf.de\/index.php?rest_route=\/wp\/v2\/posts\/4038","targetHints":{"allow":["GET"]}}],"collection":[{"href":"https:\/\/www.laju-asendorf.de\/index.php?rest_route=\/wp\/v2\/posts"}],"about":[{"href":"https:\/\/www.laju-asendorf.de\/index.php?rest_route=\/wp\/v2\/types\/post"}],"author":[{"embeddable":true,"href":"https:\/\/www.laju-asendorf.de\/index.php?rest_route=\/wp\/v2\/users\/1"}],"replies":[{"embeddable":true,"href":"https:\/\/www.laju-asendorf.de\/index.php?rest_route=%2Fwp%2Fv2%2Fcomments&post=4038"}],"version-history":[{"count":4,"href":"https:\/\/www.laju-asendorf.de\/index.php?rest_route=\/wp\/v2\/posts\/4038\/revisions"}],"predecessor-version":[{"id":4043,"href":"https:\/\/www.laju-asendorf.de\/index.php?rest_route=\/wp\/v2\/posts\/4038\/revisions\/4043"}],"wp:attachment":[{"href":"https:\/\/www.laju-asendorf.de\/index.php?rest_route=%2Fwp%2Fv2%2Fmedia&parent=4038"}],"wp:term":[{"taxonomy":"category","embeddable":true,"href":"https:\/\/www.laju-asendorf.de\/index.php?rest_route=%2Fwp%2Fv2%2Fcategories&post=4038"},{"taxonomy":"post_tag","embeddable":true,"href":"https:\/\/www.laju-asendorf.de\/index.php?rest_route=%2Fwp%2Fv2%2Ftags&post=4038"}],"curies":[{"name":"wp","href":"https:\/\/api.w.org\/{rel}","templated":true}]}}