{"id":4092,"date":"2021-12-24T10:15:31","date_gmt":"2021-12-24T09:15:31","guid":{"rendered":"https:\/\/www.laju-asendorf.de\/?p=4092"},"modified":"2021-12-24T10:15:32","modified_gmt":"2021-12-24T09:15:32","slug":"gruesse-vom-vorstand","status":"publish","type":"post","link":"https:\/\/www.laju-asendorf.de\/?p=4092","title":{"rendered":"Gr\u00fc\u00dfe vom Vorstand"},"content":{"rendered":"\n<p>Liebe Mitglieder der Landjugend Asendorf e.V.,<\/p>\n\n\n\n<p>liebe Discofox-T\u00e4nzer*innen,<\/p>\n\n\n\n<p>liebe Rock \u2018n\u2019 Roller*innen !<\/p>\n\n\n\n<p>Das Jahr 2021 neigt sich dem Ende und wir schauen wieder auf ein Jahr zur\u00fcck, in dem sich die Corona-Krise zur noch gr\u00f6\u00dferen globalen Herausforderung entwickelt hat. Neben dem privaten und beruflichen Umfeld wurde auch unser Vereinsleben ziemlich durcheinandergebracht. Nur kurzfristig konnten wir den Tanzbetrieb anbieten, bevor wir ihn Ende Nov. 2021 wieder einstellen mussten. Das haben wir uns alle anders vorgestellt, aber es war dennoch richtig und konsequent.<\/p>\n\n\n\n<p>Unser Verein hat die letzten Monate dennoch insgesamt gut \u00fcberstanden. Die Mitgliederzahlen haben sich zwar durch diverse Austritte von &#8222;Altmitgliedern&#8220; ver\u00e4ndert, erfreulicherweise konnten wir jedoch auch ein paar Neueintritte verzeichnen. Die finanzielle Situation ist unver\u00e4ndert gut. Wir bedanken uns bei allen Mitgliedern und Unterst\u00fctzern herzlich f\u00fcr die Solidarit\u00e4t und die Treue zur Landjugend Asendorf e.V.<\/p>\n\n\n\n<p>Die Wellen der Pandemie sind zwar noch nicht vorbei &#8211; und wir wissen nicht, welches die letzte Welle sein wird. Auf jeden Fall m\u00fcssen wir in Betracht ziehen, dass unsere Jahreshauptversammlung, die immer am 2. Freitag im Februar des Jahres stattgefunden hat, in anderer Form und\/oder zum anderen Termin stattfindet. Hinweise werden jeweils auf unserer Homepage&nbsp;&nbsp; <strong>https:\/\/www.laju-asendorf.de<\/strong>&nbsp; ver\u00f6ffentlicht.<\/p>\n\n\n\n<p>Wir w\u00fcnschen Euch Allen trotz der bestehenden Widrigkeiten eine sch\u00f6ne Weihnacht, beste Gesundheit f\u00fcr das Jahr 2022 und eine baldige R\u00fcckkehr in den regelm\u00e4\u00dfigen Tanzsport.<\/p>\n\n\n\n<p>Euer Vorstand<\/p>\n\n\n\n<p>Fredi Rajes, Stephanie Mahlst\u00e4dt, Bj\u00f6rn Holthus, Brigitte Rajes<\/p>\n","protected":false},"excerpt":{"rendered":"<p>Liebe Mitglieder der Landjugend Asendorf e.V., liebe Discofox-T\u00e4nzer*innen, liebe Rock \u2018n\u2019 Roller*innen ! Das Jahr 2021 neigt sich dem Ende und wir schauen wieder auf ein Jahr zur\u00fcck, in dem sich die Corona-Krise zur noch gr\u00f6\u00dferen globalen Herausforderung entwickelt hat. Neben dem privaten und beruflichen Umfeld wurde auch unser Vereinsleben ziemlich durcheinandergebracht. Nur kurzfristig konnten [&hellip;]<\/p>\n","protected":false},"author":1,"featured_media":0,"comment_status":"closed","ping_status":"closed","sticky":false,"template":"","format":"standard","meta":{"ngg_post_thumbnail":0,"footnotes":""},"categories":[1],"tags":[],"class_list":["post-4092","post","type-post","status-publish","format-standard","hentry","category-allgemein"],"_links":{"self":[{"href":"https:\/\/www.laju-asendorf.de\/index.php?rest_route=\/wp\/v2\/posts\/4092","targetHints":{"allow":["GET"]}}],"collection":[{"href":"https:\/\/www.laju-asendorf.de\/index.php?rest_route=\/wp\/v2\/posts"}],"about":[{"href":"https:\/\/www.laju-asendorf.de\/index.php?rest_route=\/wp\/v2\/types\/post"}],"author":[{"embeddable":true,"href":"https:\/\/www.laju-asendorf.de\/index.php?rest_route=\/wp\/v2\/users\/1"}],"replies":[{"embeddable":true,"href":"https:\/\/www.laju-asendorf.de\/index.php?rest_route=%2Fwp%2Fv2%2Fcomments&post=4092"}],"version-history":[{"count":1,"href":"https:\/\/www.laju-asendorf.de\/index.php?rest_route=\/wp\/v2\/posts\/4092\/revisions"}],"predecessor-version":[{"id":4093,"href":"https:\/\/www.laju-asendorf.de\/index.php?rest_route=\/wp\/v2\/posts\/4092\/revisions\/4093"}],"wp:attachment":[{"href":"https:\/\/www.laju-asendorf.de\/index.php?rest_route=%2Fwp%2Fv2%2Fmedia&parent=4092"}],"wp:term":[{"taxonomy":"category","embeddable":true,"href":"https:\/\/www.laju-asendorf.de\/index.php?rest_route=%2Fwp%2Fv2%2Fcategories&post=4092"},{"taxonomy":"post_tag","embeddable":true,"href":"https:\/\/www.laju-asendorf.de\/index.php?rest_route=%2Fwp%2Fv2%2Ftags&post=4092"}],"curies":[{"name":"wp","href":"https:\/\/api.w.org\/{rel}","templated":true}]}}